{"id":2713,"date":"2014-06-13T11:32:58","date_gmt":"2014-06-13T15:32:58","guid":{"rendered":"https:\/\/www.avocatcriminel.ca\/blogue\/?p=2713"},"modified":"2018-01-01T12:38:19","modified_gmt":"2018-01-01T17:38:19","slug":"cormier-simard-avocats-fier-participant-du-gala-50e-anniversaire-de-laadm","status":"publish","type":"post","link":"https:\/\/www.avocatcriminel.ca\/blogue\/cormier-simard-avocats-fier-participant-du-gala-50e-anniversaire-de-laadm\/","title":{"rendered":"Cormier Simard avocats, fier participant du Gala 50e anniversaire de l&rsquo;AADM"},"content":{"rendered":"<p>La cabinet Cormier Simard avocats est fier d&rsquo;avoir particip\u00e9 le 12 juin 2014 au Gala 50e anniversaire de l&rsquo;Association des Avocats de la D\u00e9fense de Montr\u00e9al. Ce gala, sous la pr\u00e9sidence d&rsquo;honneur de l\u2019Honorable juge Morris J. Fish, regroupait 250 participants provenant de la magistrature (Cour d&rsquo;appel, Cour Sup\u00e9rieure, Cour du Qu\u00e9bec et Cour municipale) ainsi que du Barreau.<\/p>\n<p>Nous remercions les organisateurs de l&rsquo;AADM pour ce moment unique qui a \u00e9t\u00e9 partag\u00e9 par nos <a href=\"https:\/\/www.avocatcriminel.ca\/blogue\">avocats en criminel<\/a>, dont deux stagiaires qui peuvent d\u00e9sormais mieux comprendre l&rsquo;histoire r\u00e9cente de la profession d&rsquo;avocat criminaliste.<\/p>\n<p>De gauche \u00e0 droite sur la photo: Me Xavier Cormier, Carlos Bolivar stagiaire, Me Veronica Vallelonga, Me Christos Karteris, Laurent Morin stagiaire et Me Luc Simard.<\/p>\n<div id=\"attachment_2714\" style=\"width: 541px\" class=\"wp-caption alignleft\"><img loading=\"lazy\" decoding=\"async\" aria-describedby=\"caption-attachment-2714\" src=\"https:\/\/www.avocatcriminel.ca\/blogue\/wp-content\/uploads\/2014\/06\/Cabinet-davocats-en-criminel-Cormier-Simard.png\" alt=\"Cabinet d&#039;avocats en criminel Cormier Simard\" width=\"531\" height=\"334\" class=\"size-full wp-image-2714\" srcset=\"https:\/\/www.avocatcriminel.ca\/blogue\/wp-content\/uploads\/2014\/06\/Cabinet-davocats-en-criminel-Cormier-Simard.png 531w, https:\/\/www.avocatcriminel.ca\/blogue\/wp-content\/uploads\/2014\/06\/Cabinet-davocats-en-criminel-Cormier-Simard-300x188.png 300w\" sizes=\"auto, (max-width: 531px) 100vw, 531px\" \/><p id=\"caption-attachment-2714\" class=\"wp-caption-text\">Cabinet d&rsquo;avocats en criminel Cormier Simard<\/p><\/div>\n","protected":false},"excerpt":{"rendered":"La cabinet Cormier Simard avocats est fier d'avoir particip\u00e9 le 12 juin 2014 au Gala 50e anniversaire de l'Association des Avocats de la D\u00e9fense de Montr\u00e9al. Ce gala, sous la pr\u00e9sidence d'honneur de l\u2019Honorable juge Morris J. Fish, regroupait 250 participants provenant de la magistrature (Cour d'appel, Cour Sup\u00e9rieure, Cour<p><a href=\"https:\/\/www.avocatcriminel.ca\/blogue\/cormier-simard-avocats-fier-participant-du-gala-50e-anniversaire-de-laadm\/\">Lire la suite [...]<\/a><\/p>","protected":false},"author":5,"featured_media":0,"comment_status":"open","ping_status":"closed","sticky":false,"template":"","format":"standard","meta":{"footnotes":""},"categories":[1],"tags":[370],"class_list":["post-2713","post","type-post","status-publish","format-standard","hentry","category-autres","tag-actualite"],"_links":{"self":[{"href":"https:\/\/www.avocatcriminel.ca\/blogue\/wp-json\/wp\/v2\/posts\/2713","targetHints":{"allow":["GET"]}}],"collection":[{"href":"https:\/\/www.avocatcriminel.ca\/blogue\/wp-json\/wp\/v2\/posts"}],"about":[{"href":"https:\/\/www.avocatcriminel.ca\/blogue\/wp-json\/wp\/v2\/types\/post"}],"author":[{"embeddable":true,"href":"https:\/\/www.avocatcriminel.ca\/blogue\/wp-json\/wp\/v2\/users\/5"}],"replies":[{"embeddable":true,"href":"https:\/\/www.avocatcriminel.ca\/blogue\/wp-json\/wp\/v2\/comments?post=2713"}],"version-history":[{"count":0,"href":"https:\/\/www.avocatcriminel.ca\/blogue\/wp-json\/wp\/v2\/posts\/2713\/revisions"}],"wp:attachment":[{"href":"https:\/\/www.avocatcriminel.ca\/blogue\/wp-json\/wp\/v2\/media?parent=2713"}],"wp:term":[{"taxonomy":"category","embeddable":true,"href":"https:\/\/www.avocatcriminel.ca\/blogue\/wp-json\/wp\/v2\/categories?post=2713"},{"taxonomy":"post_tag","embeddable":true,"href":"https:\/\/www.avocatcriminel.ca\/blogue\/wp-json\/wp\/v2\/tags?post=2713"}],"curies":[{"name":"wp","href":"https:\/\/api.w.org\/{rel}","templated":true}]}}